{"id":19,"date":"2016-05-21T15:32:11","date_gmt":"2016-05-21T13:32:11","guid":{"rendered":"http:\/\/www.xn--in-grnberg-eeb.de\/der-buchtipp\/?p=19"},"modified":"2018-08-26T14:53:31","modified_gmt":"2018-08-26T14:53:31","slug":"neues-buch","status":"publish","type":"post","link":"https:\/\/www.der-buchtipp.de\/der-buchtipp\/neues-buch\/","title":{"rendered":"Und was liest Du gerne?"},"content":{"rendered":"<p>Das Besondere der Buchbesprechungen auf dieser Plattform? Die Rezensenten &#8211; also die, die das Buch lesen und dann hier ihre Meinung dazu sagen, sind im Alter der Zielgruppe des Buches. Hei\u00dft also, B\u00fccher f\u00fcr Kindergartenkinder werden von Kindergartenkindern bewertet (aufgezeichnet nat\u00fcrlich von Erwachsenen), B\u00fccher f\u00fcr Jugendliche von Jugendlichen.<\/p>\n<p>Denn hier geht es vor allem um den Spa\u00df am Lesen. B\u00fccher d\u00fcrfen nat\u00fcrlich lehrreich sein, Wissen vermitteln und L\u00f6bliches mehr. Aber wir Leseratten von der-buchtipp.de sind der Meinung, dass B\u00fccher vor allem mit viel Lust und Laune gelesen werden wollen. Und das k\u00f6nnen wir &#8211; die Leser &#8211; am Besten beurteilen.<\/p>\n","protected":false},"excerpt":{"rendered":"<p>Das Besondere der Buchbesprechungen auf dieser Plattform? Die Rezensenten &#8211; also die, die das Buch lesen und dann hier ihre Meinung dazu sagen, sind im Alter der Zielgruppe des Buches. Hei\u00dft also, B\u00fccher f\u00fcr Kindergartenkinder werden von Kindergartenkindern bewertet (aufgezeichnet nat\u00fcrlich von Erwachsenen), B\u00fccher f\u00fcr Jugendliche von Jugendlichen. Denn hier geht es vor allem um [&hellip;]<\/p>\n","protected":false},"author":2,"featured_media":87,"comment_status":"closed","ping_status":"closed","sticky":false,"template":"","format":"standard","meta":{"footnotes":""},"categories":[3],"tags":[],"class_list":{"0":"post-19","1":"post","2":"type-post","3":"status-publish","4":"format-standard","5":"has-post-thumbnail","7":"category-allgemein","8":"czr-hentry"},"_links":{"self":[{"href":"https:\/\/www.der-buchtipp.de\/der-buchtipp\/wp-json\/wp\/v2\/posts\/19","targetHints":{"allow":["GET"]}}],"collection":[{"href":"https:\/\/www.der-buchtipp.de\/der-buchtipp\/wp-json\/wp\/v2\/posts"}],"about":[{"href":"https:\/\/www.der-buchtipp.de\/der-buchtipp\/wp-json\/wp\/v2\/types\/post"}],"author":[{"embeddable":true,"href":"https:\/\/www.der-buchtipp.de\/der-buchtipp\/wp-json\/wp\/v2\/users\/2"}],"replies":[{"embeddable":true,"href":"https:\/\/www.der-buchtipp.de\/der-buchtipp\/wp-json\/wp\/v2\/comments?post=19"}],"version-history":[{"count":13,"href":"https:\/\/www.der-buchtipp.de\/der-buchtipp\/wp-json\/wp\/v2\/posts\/19\/revisions"}],"predecessor-version":[{"id":115,"href":"https:\/\/www.der-buchtipp.de\/der-buchtipp\/wp-json\/wp\/v2\/posts\/19\/revisions\/115"}],"wp:featuredmedia":[{"embeddable":true,"href":"https:\/\/www.der-buchtipp.de\/der-buchtipp\/wp-json\/wp\/v2\/media\/87"}],"wp:attachment":[{"href":"https:\/\/www.der-buchtipp.de\/der-buchtipp\/wp-json\/wp\/v2\/media?parent=19"}],"wp:term":[{"taxonomy":"category","embeddable":true,"href":"https:\/\/www.der-buchtipp.de\/der-buchtipp\/wp-json\/wp\/v2\/categories?post=19"},{"taxonomy":"post_tag","embeddable":true,"href":"https:\/\/www.der-buchtipp.de\/der-buchtipp\/wp-json\/wp\/v2\/tags?post=19"}],"curies":[{"name":"wp","href":"https:\/\/api.w.org\/{rel}","templated":true}]}}